{"id":564,"date":"2022-07-01T11:48:00","date_gmt":"2022-07-01T11:48:00","guid":{"rendered":"https:\/\/refugee-committee.org\/?p=564"},"modified":"2024-07-09T11:18:52","modified_gmt":"2024-07-09T11:18:52","slug":"representing-refugees-cultures","status":"publish","type":"post","link":"https:\/\/refugee-committee.org\/fr\/2022\/07\/01\/representing-refugees-cultures\/","title":{"rendered":"Repr\u00e9senter les cultures des r\u00e9fugi\u00e9s"},"content":{"rendered":"<p class=\"translation-block\">Le Umbrella Refugee Committee <strong>favorise activement l'int\u00e9gration et le cosmopolitisme<\/strong> parmi les r\u00e9fugi\u00e9s et les soci\u00e9t\u00e9s d'accueil en <strong>organisant r\u00e9guli\u00e8rement des \u00e9v\u00e9nements<\/strong> o\u00f9 les personnes d\u00e9plac\u00e9es de force peuvent mettre en valeur leurs cultures.<\/p>\n\n\n\n<p class=\"translation-block\">Exemples de ces \u00e9v\u00e9nements comprennent des <strong>concerts<\/strong>, des <strong>expositions d'art<\/strong>, des projections de <strong>films<\/strong>, des repr\u00e9sentations de <strong>th\u00e9\u00e2tre<\/strong>, des foires au <strong>livre<\/strong> et au <strong>jeu<\/strong>, des tournois de <strong>sports<\/strong>, des <strong>conf\u00e9rences<\/strong> sur des sujets li\u00e9s aux r\u00e9fugi\u00e9s, et des <strong>bazars<\/strong> d'artisanat et de nourriture. \u00c0 travers ces initiatives, nous utilisons l'art et l'empathie pour transcender les fronti\u00e8res nationales et promouvoir des espaces communautaires s\u00fbrs fond\u00e9s sur le respect et la compr\u00e9hension mutuelle.<\/p>\n\n\n\n<p class=\"translation-block\">Un exemple notable de cet effort est notre r\u00f4le en tant qu'organisateurs principaux de la <strong>Brussels Refugee Week<\/strong> annuelle, en collaboration avec l'Agence des Nations Unies pour les R\u00e9fugi\u00e9s (UNHCR) et avec le soutien du Gouvernement de la R\u00e9gion de Bruxelles-Capitale. Pr\u00e9vu autour de la Journ\u00e9e mondiale des r\u00e9fugi\u00e9s (20 juin), cet \u00e9v\u00e9nement sur plusieurs jours <em>propos\u00e9 <\/em>et <em>dirig\u00e9 par <\/em>les r\u00e9fugi\u00e9s vise \u00e0 honorer les voix, la culture, les forces, les luttes et la r\u00e9silience des personnes d\u00e9plac\u00e9es de force.<\/p>\n\n\n\n<p>En r\u00e9unissant les gens autour de l'art, du sport et d'exp\u00e9riences partag\u00e9es, au sein du Umbrella Refugee Committee, nous sensibilisons et construisons des ponts de solidarit\u00e9 et d'empathie. <\/p>\n\n\n\n<p>Gardez un \u0153il sur nos \u00e9v\u00e9nements et rejoignez-nous pour cr\u00e9er un monde o\u00f9 la diversit\u00e9 est ch\u00e9rie !<\/p>\n\n\n\n<div class=\"wp-block-cover alignfull\" style=\"margin-top:0;margin-bottom:0;padding-top:24px;padding-right:24px;padding-bottom:24px;padding-left:24px;min-height:50vh;aspect-ratio:unset;\"><span aria-hidden=\"true\" class=\"wp-block-cover__background has-black-background-color has-background-dim-100 has-background-dim\"><\/span><div class=\"wp-block-cover__inner-container is-layout-flow wp-block-cover-is-layout-flow\">\n<div class=\"wp-block-media-text is-stacked-on-mobile\" style=\"grid-template-columns:69% auto\"><figure class=\"wp-block-media-text__media\"><img fetchpriority=\"high\" decoding=\"async\" width=\"1024\" height=\"358\" src=\"https:\/\/refugee-committee.org\/wp-content\/uploads\/2024\/07\/BRW-horizontal-burundi-drums-1024x358.png\" alt=\"\" class=\"wp-image-566 size-full\" srcset=\"https:\/\/refugee-committee.org\/wp-content\/uploads\/2024\/07\/BRW-horizontal-burundi-drums-1024x358.png 1024w, https:\/\/refugee-committee.org\/wp-content\/uploads\/2024\/07\/BRW-horizontal-burundi-drums-300x105.png 300w, https:\/\/refugee-committee.org\/wp-content\/uploads\/2024\/07\/BRW-horizontal-burundi-drums-768x269.png 768w, https:\/\/refugee-committee.org\/wp-content\/uploads\/2024\/07\/BRW-horizontal-burundi-drums.png 1218w\" sizes=\"(max-width: 1024px) 100vw, 1024px\" \/><\/figure><div class=\"wp-block-media-text__content\">\n<p class=\"has-text-align-left translation-block\" style=\"font-size:20px\"><strong>Consultez notre r\u00e9cente publication sur <\/strong><strong>Brussels Refugee Week <\/strong><strong>\u00e9dition 2024 !<\/strong><\/p>\n\n\n\n<div class=\"wp-block-buttons is-content-justification-left is-layout-flex wp-container-core-buttons-is-layout-fc4fd283 wp-block-buttons-is-layout-flex\">\n<div class=\"wp-block-button has-custom-font-size is-style-fill\" style=\"font-size:16px\"><a class=\"wp-block-button__link has-background wp-element-button\" style=\"background-color:#a80b0b\">Lire ici<\/a><\/div>\n<\/div>\n<\/div><\/div>\n<\/div><\/div>","protected":false},"excerpt":{"rendered":"<p>Promouvoir l'int\u00e9gration et le cosmopolitisme \u00e0 travers des \u00e9v\u00e9nements o\u00f9 les r\u00e9fugi\u00e9s pr\u00e9sentent leurs cultures.<\/p>","protected":false},"author":2,"featured_media":351,"comment_status":"closed","ping_status":"closed","sticky":false,"template":"","format":"standard","meta":{"_uag_custom_page_level_css":"","footnotes":""},"categories":[3,4],"tags":[13,11,12,14],"class_list":["post-564","post","type-post","status-publish","format-standard","has-post-thumbnail","hentry","category-integration","category-representation","tag-brusselsrefugeeweek","tag-integration","tag-representation","tag-worldrefugeeday"],"yoast_head":"<!-- This site is optimized with the Yoast SEO plugin v26.9 - https:\/\/yoast.com\/product\/yoast-seo-wordpress\/ -->\n<title>Representing refugees&#039; cultures - Umbrella Refugee Committee<\/title>\n<meta name=\"robots\" content=\"index, follow, max-snippet:-1, max-image-preview:large, max-video-preview:-1\" \/>\n<link rel=\"canonical\" href=\"https:\/\/refugee-committee.org\/fr\/2022\/07\/01\/representing-refugees-cultures\/\" \/>\n<meta property=\"og:locale\" content=\"fr_FR\" \/>\n<meta property=\"og:type\" content=\"article\" \/>\n<meta property=\"og:title\" content=\"Representing refugees&#039; cultures - Umbrella Refugee Committee\" \/>\n<meta property=\"og:description\" content=\"Promoting integration and cosmopolitanism through events where refugees showcase their cultures.\" \/>\n<meta property=\"og:url\" content=\"https:\/\/refugee-committee.org\/fr\/2022\/07\/01\/representing-refugees-cultures\/\" \/>\n<meta property=\"og:site_name\" content=\"Umbrella Refugee Committee\" \/>\n<meta property=\"article:published_time\" content=\"2022-07-01T11:48:00+00:00\" \/>\n<meta property=\"article:modified_time\" content=\"2024-07-09T11:18:52+00:00\" \/>\n<meta property=\"og:image\" content=\"https:\/\/refugee-committee.org\/wp-content\/uploads\/2024\/06\/Food-WRD-Bazaar-e1720523882941.jpg\" \/>\n\t<meta property=\"og:image:width\" content=\"672\" \/>\n\t<meta property=\"og:image:height\" content=\"264\" \/>\n\t<meta property=\"og:image:type\" content=\"image\/jpeg\" \/>\n<meta name=\"author\" content=\"URC\" \/>\n<meta name=\"twitter:card\" content=\"summary_large_image\" \/>\n<meta name=\"twitter:label1\" content=\"\u00c9crit par\" \/>\n\t<meta name=\"twitter:data1\" content=\"URC\" \/>\n\t<meta name=\"twitter:label2\" content=\"Dur\u00e9e de lecture est.\" \/>\n\t<meta name=\"twitter:data2\" content=\"1 minute\" \/>\n<script type=\"application\/ld+json\" class=\"yoast-schema-graph\">{\"@context\":\"https:\/\/schema.org\",\"@graph\":[{\"@type\":\"Article\",\"@id\":\"https:\/\/refugee-committee.org\/2022\/07\/01\/representing-refugees-cultures\/#article\",\"isPartOf\":{\"@id\":\"https:\/\/refugee-committee.org\/2022\/07\/01\/representing-refugees-cultures\/\"},\"author\":{\"name\":\"URC\",\"@id\":\"https:\/\/refugee-committee.org\/#\/schema\/person\/c95b57f922c65e555ab0aba467f2775b\"},\"headline\":\"Representing refugees&#8217; cultures\",\"datePublished\":\"2022-07-01T11:48:00+00:00\",\"dateModified\":\"2024-07-09T11:18:52+00:00\",\"mainEntityOfPage\":{\"@id\":\"https:\/\/refugee-committee.org\/2022\/07\/01\/representing-refugees-cultures\/\"},\"wordCount\":197,\"publisher\":{\"@id\":\"https:\/\/refugee-committee.org\/#organization\"},\"image\":{\"@id\":\"https:\/\/refugee-committee.org\/2022\/07\/01\/representing-refugees-cultures\/#primaryimage\"},\"thumbnailUrl\":\"https:\/\/refugee-committee.org\/wp-content\/uploads\/2024\/06\/Food-WRD-Bazaar-e1720523882941.jpg\",\"keywords\":[\"#BrusselsRefugeeWeek\",\"#Integration\",\"#Representation\",\"#WorldRefugeeDay\"],\"articleSection\":[\"Integration\",\"Representation\"],\"inLanguage\":\"fr-BE\"},{\"@type\":\"WebPage\",\"@id\":\"https:\/\/refugee-committee.org\/2022\/07\/01\/representing-refugees-cultures\/\",\"url\":\"https:\/\/refugee-committee.org\/2022\/07\/01\/representing-refugees-cultures\/\",\"name\":\"Representing refugees' cultures - Umbrella Refugee Committee\",\"isPartOf\":{\"@id\":\"https:\/\/refugee-committee.org\/#website\"},\"primaryImageOfPage\":{\"@id\":\"https:\/\/refugee-committee.org\/2022\/07\/01\/representing-refugees-cultures\/#primaryimage\"},\"image\":{\"@id\":\"https:\/\/refugee-committee.org\/2022\/07\/01\/representing-refugees-cultures\/#primaryimage\"},\"thumbnailUrl\":\"https:\/\/refugee-committee.org\/wp-content\/uploads\/2024\/06\/Food-WRD-Bazaar-e1720523882941.jpg\",\"datePublished\":\"2022-07-01T11:48:00+00:00\",\"dateModified\":\"2024-07-09T11:18:52+00:00\",\"breadcrumb\":{\"@id\":\"https:\/\/refugee-committee.org\/2022\/07\/01\/representing-refugees-cultures\/#breadcrumb\"},\"inLanguage\":\"fr-BE\",\"potentialAction\":[{\"@type\":\"ReadAction\",\"target\":[\"https:\/\/refugee-committee.org\/2022\/07\/01\/representing-refugees-cultures\/\"]}]},{\"@type\":\"ImageObject\",\"inLanguage\":\"fr-BE\",\"@id\":\"https:\/\/refugee-committee.org\/2022\/07\/01\/representing-refugees-cultures\/#primaryimage\",\"url\":\"https:\/\/refugee-committee.org\/wp-content\/uploads\/2024\/06\/Food-WRD-Bazaar-e1720523882941.jpg\",\"contentUrl\":\"https:\/\/refugee-committee.org\/wp-content\/uploads\/2024\/06\/Food-WRD-Bazaar-e1720523882941.jpg\",\"width\":672,\"height\":264},{\"@type\":\"BreadcrumbList\",\"@id\":\"https:\/\/refugee-committee.org\/2022\/07\/01\/representing-refugees-cultures\/#breadcrumb\",\"itemListElement\":[{\"@type\":\"ListItem\",\"position\":1,\"name\":\"Home\",\"item\":\"https:\/\/refugee-committee.org\/\"},{\"@type\":\"ListItem\",\"position\":2,\"name\":\"Representing refugees&#8217; cultures\"}]},{\"@type\":\"WebSite\",\"@id\":\"https:\/\/refugee-committee.org\/#website\",\"url\":\"https:\/\/refugee-committee.org\/\",\"name\":\"Umbrella Refugee Committee\",\"description\":\"\",\"publisher\":{\"@id\":\"https:\/\/refugee-committee.org\/#organization\"},\"potentialAction\":[{\"@type\":\"SearchAction\",\"target\":{\"@type\":\"EntryPoint\",\"urlTemplate\":\"https:\/\/refugee-committee.org\/?s={search_term_string}\"},\"query-input\":{\"@type\":\"PropertyValueSpecification\",\"valueRequired\":true,\"valueName\":\"search_term_string\"}}],\"inLanguage\":\"fr-BE\"},{\"@type\":\"Organization\",\"@id\":\"https:\/\/refugee-committee.org\/#organization\",\"name\":\"Umbrella Refugee Committee\",\"url\":\"https:\/\/refugee-committee.org\/\",\"logo\":{\"@type\":\"ImageObject\",\"inLanguage\":\"fr-BE\",\"@id\":\"https:\/\/refugee-committee.org\/#\/schema\/logo\/image\/\",\"url\":\"https:\/\/refugee-committee.org\/wp-content\/uploads\/2024\/12\/cropped-Horizontal-color-logo-1.png\",\"contentUrl\":\"https:\/\/refugee-committee.org\/wp-content\/uploads\/2024\/12\/cropped-Horizontal-color-logo-1.png\",\"width\":2000,\"height\":665,\"caption\":\"Umbrella Refugee Committee\"},\"image\":{\"@id\":\"https:\/\/refugee-committee.org\/#\/schema\/logo\/image\/\"}},{\"@type\":\"Person\",\"@id\":\"https:\/\/refugee-committee.org\/#\/schema\/person\/c95b57f922c65e555ab0aba467f2775b\",\"name\":\"URC\",\"image\":{\"@type\":\"ImageObject\",\"inLanguage\":\"fr-BE\",\"@id\":\"https:\/\/refugee-committee.org\/#\/schema\/person\/image\/\",\"url\":\"https:\/\/secure.gravatar.com\/avatar\/6aa4bce41891bce2d0c27982820ab614739f3128b8a1babfd36bc317fa6a2ff4?s=96&d=mm&r=g\",\"contentUrl\":\"https:\/\/secure.gravatar.com\/avatar\/6aa4bce41891bce2d0c27982820ab614739f3128b8a1babfd36bc317fa6a2ff4?s=96&d=mm&r=g\",\"caption\":\"URC\"},\"url\":\"https:\/\/refugee-committee.org\/fr\/author\/urc\/\"}]}<\/script>\n<!-- \/ Yoast SEO plugin. -->","yoast_head_json":{"title":"Representing refugees' cultures - Umbrella Refugee Committee","robots":{"index":"index","follow":"follow","max-snippet":"max-snippet:-1","max-image-preview":"max-image-preview:large","max-video-preview":"max-video-preview:-1"},"canonical":"https:\/\/refugee-committee.org\/fr\/2022\/07\/01\/representing-refugees-cultures\/","og_locale":"fr_FR","og_type":"article","og_title":"Representing refugees' cultures - Umbrella Refugee Committee","og_description":"Promoting integration and cosmopolitanism through events where refugees showcase their cultures.","og_url":"https:\/\/refugee-committee.org\/fr\/2022\/07\/01\/representing-refugees-cultures\/","og_site_name":"Umbrella Refugee Committee","article_published_time":"2022-07-01T11:48:00+00:00","article_modified_time":"2024-07-09T11:18:52+00:00","og_image":[{"width":672,"height":264,"url":"https:\/\/refugee-committee.org\/wp-content\/uploads\/2024\/06\/Food-WRD-Bazaar-e1720523882941.jpg","type":"image\/jpeg"}],"author":"URC","twitter_card":"summary_large_image","twitter_misc":{"\u00c9crit par":"URC","Dur\u00e9e de lecture est.":"1 minute"},"schema":{"@context":"https:\/\/schema.org","@graph":[{"@type":"Article","@id":"https:\/\/refugee-committee.org\/2022\/07\/01\/representing-refugees-cultures\/#article","isPartOf":{"@id":"https:\/\/refugee-committee.org\/2022\/07\/01\/representing-refugees-cultures\/"},"author":{"name":"URC","@id":"https:\/\/refugee-committee.org\/#\/schema\/person\/c95b57f922c65e555ab0aba467f2775b"},"headline":"Representing refugees&#8217; cultures","datePublished":"2022-07-01T11:48:00+00:00","dateModified":"2024-07-09T11:18:52+00:00","mainEntityOfPage":{"@id":"https:\/\/refugee-committee.org\/2022\/07\/01\/representing-refugees-cultures\/"},"wordCount":197,"publisher":{"@id":"https:\/\/refugee-committee.org\/#organization"},"image":{"@id":"https:\/\/refugee-committee.org\/2022\/07\/01\/representing-refugees-cultures\/#primaryimage"},"thumbnailUrl":"https:\/\/refugee-committee.org\/wp-content\/uploads\/2024\/06\/Food-WRD-Bazaar-e1720523882941.jpg","keywords":["#BrusselsRefugeeWeek","#Integration","#Representation","#WorldRefugeeDay"],"articleSection":["Integration","Representation"],"inLanguage":"fr-BE"},{"@type":"WebPage","@id":"https:\/\/refugee-committee.org\/2022\/07\/01\/representing-refugees-cultures\/","url":"https:\/\/refugee-committee.org\/2022\/07\/01\/representing-refugees-cultures\/","name":"Representing refugees' cultures - Umbrella Refugee Committee","isPartOf":{"@id":"https:\/\/refugee-committee.org\/#website"},"primaryImageOfPage":{"@id":"https:\/\/refugee-committee.org\/2022\/07\/01\/representing-refugees-cultures\/#primaryimage"},"image":{"@id":"https:\/\/refugee-committee.org\/2022\/07\/01\/representing-refugees-cultures\/#primaryimage"},"thumbnailUrl":"https:\/\/refugee-committee.org\/wp-content\/uploads\/2024\/06\/Food-WRD-Bazaar-e1720523882941.jpg","datePublished":"2022-07-01T11:48:00+00:00","dateModified":"2024-07-09T11:18:52+00:00","breadcrumb":{"@id":"https:\/\/refugee-committee.org\/2022\/07\/01\/representing-refugees-cultures\/#breadcrumb"},"inLanguage":"fr-BE","potentialAction":[{"@type":"ReadAction","target":["https:\/\/refugee-committee.org\/2022\/07\/01\/representing-refugees-cultures\/"]}]},{"@type":"ImageObject","inLanguage":"fr-BE","@id":"https:\/\/refugee-committee.org\/2022\/07\/01\/representing-refugees-cultures\/#primaryimage","url":"https:\/\/refugee-committee.org\/wp-content\/uploads\/2024\/06\/Food-WRD-Bazaar-e1720523882941.jpg","contentUrl":"https:\/\/refugee-committee.org\/wp-content\/uploads\/2024\/06\/Food-WRD-Bazaar-e1720523882941.jpg","width":672,"height":264},{"@type":"BreadcrumbList","@id":"https:\/\/refugee-committee.org\/2022\/07\/01\/representing-refugees-cultures\/#breadcrumb","itemListElement":[{"@type":"ListItem","position":1,"name":"Home","item":"https:\/\/refugee-committee.org\/"},{"@type":"ListItem","position":2,"name":"Representing refugees&#8217; cultures"}]},{"@type":"WebSite","@id":"https:\/\/refugee-committee.org\/#website","url":"https:\/\/refugee-committee.org\/","name":"Umbrella Refugee Committee","description":"","publisher":{"@id":"https:\/\/refugee-committee.org\/#organization"},"potentialAction":[{"@type":"SearchAction","target":{"@type":"EntryPoint","urlTemplate":"https:\/\/refugee-committee.org\/?s={search_term_string}"},"query-input":{"@type":"PropertyValueSpecification","valueRequired":true,"valueName":"search_term_string"}}],"inLanguage":"fr-BE"},{"@type":"Organization","@id":"https:\/\/refugee-committee.org\/#organization","name":"Umbrella Refugee Committee","url":"https:\/\/refugee-committee.org\/","logo":{"@type":"ImageObject","inLanguage":"fr-BE","@id":"https:\/\/refugee-committee.org\/#\/schema\/logo\/image\/","url":"https:\/\/refugee-committee.org\/wp-content\/uploads\/2024\/12\/cropped-Horizontal-color-logo-1.png","contentUrl":"https:\/\/refugee-committee.org\/wp-content\/uploads\/2024\/12\/cropped-Horizontal-color-logo-1.png","width":2000,"height":665,"caption":"Umbrella Refugee Committee"},"image":{"@id":"https:\/\/refugee-committee.org\/#\/schema\/logo\/image\/"}},{"@type":"Person","@id":"https:\/\/refugee-committee.org\/#\/schema\/person\/c95b57f922c65e555ab0aba467f2775b","name":"URC","image":{"@type":"ImageObject","inLanguage":"fr-BE","@id":"https:\/\/refugee-committee.org\/#\/schema\/person\/image\/","url":"https:\/\/secure.gravatar.com\/avatar\/6aa4bce41891bce2d0c27982820ab614739f3128b8a1babfd36bc317fa6a2ff4?s=96&d=mm&r=g","contentUrl":"https:\/\/secure.gravatar.com\/avatar\/6aa4bce41891bce2d0c27982820ab614739f3128b8a1babfd36bc317fa6a2ff4?s=96&d=mm&r=g","caption":"URC"},"url":"https:\/\/refugee-committee.org\/fr\/author\/urc\/"}]}},"uagb_featured_image_src":{"full":["https:\/\/refugee-committee.org\/wp-content\/uploads\/2024\/06\/Food-WRD-Bazaar-e1720523882941.jpg",672,264,false],"thumbnail":["https:\/\/refugee-committee.org\/wp-content\/uploads\/2024\/06\/Food-WRD-Bazaar-e1720523882941-150x150.jpg",150,150,true],"medium":["https:\/\/refugee-committee.org\/wp-content\/uploads\/2024\/06\/Food-WRD-Bazaar-e1720523882941-300x118.jpg",300,118,true],"medium_large":["https:\/\/refugee-committee.org\/wp-content\/uploads\/2024\/06\/Food-WRD-Bazaar-e1720523882941.jpg",672,264,false],"large":["https:\/\/refugee-committee.org\/wp-content\/uploads\/2024\/06\/Food-WRD-Bazaar-e1720523882941.jpg",672,264,false],"1536x1536":["https:\/\/refugee-committee.org\/wp-content\/uploads\/2024\/06\/Food-WRD-Bazaar-e1720523882941.jpg",672,264,false],"2048x2048":["https:\/\/refugee-committee.org\/wp-content\/uploads\/2024\/06\/Food-WRD-Bazaar-e1720523882941.jpg",672,264,false],"trp-custom-language-flag":["https:\/\/refugee-committee.org\/wp-content\/uploads\/2024\/06\/Food-WRD-Bazaar-e1720523882941.jpg",18,7,false],"hestia-blog":["https:\/\/refugee-committee.org\/wp-content\/uploads\/2024\/06\/Food-WRD-Bazaar-e1720523882941-360x240.jpg",360,240,true]},"uagb_author_info":{"display_name":"URC","author_link":"https:\/\/refugee-committee.org\/fr\/author\/urc\/"},"uagb_comment_info":0,"uagb_excerpt":"Promoting integration and cosmopolitanism through events where refugees showcase their cultures.","_links":{"self":[{"href":"https:\/\/refugee-committee.org\/fr\/wp-json\/wp\/v2\/posts\/564","targetHints":{"allow":["GET"]}}],"collection":[{"href":"https:\/\/refugee-committee.org\/fr\/wp-json\/wp\/v2\/posts"}],"about":[{"href":"https:\/\/refugee-committee.org\/fr\/wp-json\/wp\/v2\/types\/post"}],"author":[{"embeddable":true,"href":"https:\/\/refugee-committee.org\/fr\/wp-json\/wp\/v2\/users\/2"}],"replies":[{"embeddable":true,"href":"https:\/\/refugee-committee.org\/fr\/wp-json\/wp\/v2\/comments?post=564"}],"version-history":[{"count":5,"href":"https:\/\/refugee-committee.org\/fr\/wp-json\/wp\/v2\/posts\/564\/revisions"}],"predecessor-version":[{"id":595,"href":"https:\/\/refugee-committee.org\/fr\/wp-json\/wp\/v2\/posts\/564\/revisions\/595"}],"wp:featuredmedia":[{"embeddable":true,"href":"https:\/\/refugee-committee.org\/fr\/wp-json\/wp\/v2\/media\/351"}],"wp:attachment":[{"href":"https:\/\/refugee-committee.org\/fr\/wp-json\/wp\/v2\/media?parent=564"}],"wp:term":[{"taxonomy":"category","embeddable":true,"href":"https:\/\/refugee-committee.org\/fr\/wp-json\/wp\/v2\/categories?post=564"},{"taxonomy":"post_tag","embeddable":true,"href":"https:\/\/refugee-committee.org\/fr\/wp-json\/wp\/v2\/tags?post=564"}],"curies":[{"name":"wp","href":"https:\/\/api.w.org\/{rel}","templated":true}]}}